{"id":4310,"date":"2025-07-31T15:18:55","date_gmt":"2025-07-31T18:18:55","guid":{"rendered":"https:\/\/www.bittarneurociencia.com.br\/?p=4310"},"modified":"2025-08-01T12:08:05","modified_gmt":"2025-08-01T15:08:05","slug":"seu-cracha-e-a-sua-saude-mental","status":"publish","type":"post","link":"https:\/\/bittarneurociencia.com.br\/es\/seu-cracha-e-a-sua-saude-mental\/","title":{"rendered":"Seu crach\u00e1 pode dizer como anda sua sa\u00fade mental\u00a0\u00a0"},"content":{"rendered":"\n<h2 class=\"wp-block-heading\"><strong>O que a neuroci\u00eancia revela sobre o c\u00e9rebro de profissionais de vendas e P&amp;D<\/strong><\/h2>\n\n\n\n<p>Quando se fala em sa\u00fade mental no ambiente corporativo, as discuss\u00f5es costumam girar em torno de estresse, burnout e produtividade. Mas um estudo recente das universidades de Ci\u00eancia e Tecnologia Shaoxing e Huazhong, na China, trouxe uma nova perspectiva ao mostrar que o tipo de trabalho exercido pode ter impactos distintos sobre o bem-estar psicol\u00f3gico, e que essas diferen\u00e7as s\u00e3o vis\u00edveis at\u00e9 mesmo no c\u00e9rebro.&nbsp;<\/p>\n\n\n\n<p>Pesquisadores das duas institui\u00e7\u00f5es usaram uma t\u00e9cnica de neuroimagem chamada espectroscopia funcional no infravermelho pr\u00f3ximo (fNIRS) para investigar como profissionais das \u00e1reas de vendas e de Pesquisa e Desenvolvimento (P&amp;D), em empresas de alta tecnologia, reagem cognitivamente a tarefas simples. O objetivo, segundo eles, era identificar poss\u00edveis diferen\u00e7as na sa\u00fade mental e nos n\u00edveis de estresse entre essas duas fun\u00e7\u00f5es, que apresentam pontos comuns e contrastantes.&nbsp;&nbsp;<\/p>\n\n\n\n<p>O estudo, <a href=\"https:\/\/www.nature.com\/articles\/s41598-024-74216-8\" data-type=\"link\" data-id=\"https:\/\/www.nature.com\/articles\/s41598-024-74216-8\" target=\"_blank\" rel=\"noopener\">publicado na revista <em>Scientific Reports<\/em><\/a>, envolveu 50 participantes (24 de P&amp;D e 26 de vendas) que passaram por uma bateria de testes psicol\u00f3gicos e realizaram tarefas de flu\u00eancia verbal enquanto suas atividades cerebrais eram monitoradas. Os resultados revelaram um padr\u00e3o claro: os profissionais de P&amp;D apresentaram melhores indicadores de sa\u00fade mental e maior atividade cerebral nas regi\u00f5es relacionadas ao controle cognitivo. J\u00e1 os profissionais de vendas demonstraram maior sobrecarga emocional, n\u00edveis mais altos de estresse e menor engajamento neural durante os testes.&nbsp;<\/p>\n\n\n\n<h2 class=\"wp-block-heading\"><strong>Do question\u00e1rio ao c\u00e9rebro<\/strong>&nbsp;<\/h2>\n\n\n\n<p>A metodologia combinou instrumentos cl\u00e1ssicos de avalia\u00e7\u00e3o psicol\u00f3gica com medi\u00e7\u00f5es cerebrais em tempo real. Os participantes responderam ao <em>Symptom Checklist-90<\/em> (SCL-90), um question\u00e1rio que avalia sintomas como ansiedade, depress\u00e3o, obsess\u00f5es e somatiza\u00e7\u00f5es, al\u00e9m do <em>Occupational Stress Inventory-Revised<\/em> (OSI-R), que mede o estresse relacionado ao trabalho e os recursos de enfrentamento como autocuidado, apoio social e recrea\u00e7\u00e3o.&nbsp;<\/p>\n\n\n\n<p>Em seguida, os volunt\u00e1rios realizaram uma tarefa de flu\u00eancia verbal com monitoramento cerebral por meio&nbsp;de fNIRS. Essa t\u00e9cnica mede altera\u00e7\u00f5es na oxigena\u00e7\u00e3o do sangue no c\u00e9rebro, permitindo inferir quais regi\u00f5es est\u00e3o mais ativas durante determinada tarefa. A atividade foi focada especialmente no c\u00f3rtex pr\u00e9-frontal dorsolateral, regi\u00e3o associada a fun\u00e7\u00f5es executivas, e nas \u00e1reas de Broca, regi\u00f5es no lobo frontal do c\u00e9rebro, geralmente no hemisf\u00e9rio esquerdo, respons\u00e1veis pela produ\u00e7\u00e3o da fala.&nbsp;<\/p>\n\n\n\n<h2 class=\"wp-block-heading\"><strong>Vendas sob tens\u00e3o, P&amp;D mais est\u00e1veis<\/strong>&nbsp;<\/h2>\n\n\n\n<p>Os dados obtidos revelaram que os profissionais da \u00e1rea de vendas apresentaram escores significativamente mais altos nos sintomas de somatiza\u00e7\u00e3o, obsess\u00e3o, depress\u00e3o, ansiedade, hostilidade e paranoia. Ou seja, al\u00e9m de se sentirem subjetivamente pior, esses profissionais tamb\u00e9m mostraram mais sinais de sofrimento emocional em m\u00faltiplas dimens\u00f5es. Em contrapartida, os profissionais de P&amp;D exibiram padr\u00f5es mais saud\u00e1veis, com pontua\u00e7\u00f5es menores nesses mesmos itens.&nbsp;<\/p>\n\n\n\n<p>Nas neuroimagens, as diferen\u00e7as tamb\u00e9m foram marcantes. Durante a tarefa de flu\u00eancia verbal, os trabalhadores da \u00e1rea de P&amp;D mostraram maior ativa\u00e7\u00e3o no lado direito do c\u00f3rtex pr\u00e9-frontal dorsolateral e nas duas \u00e1reas de Broca. Essa ativa\u00e7\u00e3o mais intensa indica maior engajamento cognitivo e melhor capacidade de regula\u00e7\u00e3o emocional e aten\u00e7\u00e3o, fun\u00e7\u00f5es frequentemente afetadas por estados de ansiedade e esgotamento.&nbsp;<\/p>\n\n\n\n<p>Essas descobertas sugerem que, al\u00e9m dos sentimentos autorrelatados, h\u00e1 uma base neurofisiol\u00f3gica que distingue as experi\u00eancias mentais desses dois grupos no ambiente de trabalho.&nbsp;<\/p>\n\n\n\n<h2 class=\"wp-block-heading\"><strong>Autocuidado como fator protetor<\/strong>&nbsp;<\/h2>\n\n\n\n<p>Um dos achados mais relevantes do estudo est\u00e1 na diferen\u00e7a entre os grupos no que diz respeito ao autocuidado. No <em>Personal Resources Questionnaire<\/em> (PRQ), que avalia os recursos pessoais dispon\u00edveis para lidar com o estresse, a \u00fanica subescala com diferen\u00e7a significativa foi justamente essa: profissionais de P&amp;D relataram h\u00e1bitos mais saud\u00e1veis de sono, alimenta\u00e7\u00e3o e lazer. J\u00e1 os de vendas pontuaram abaixo nesses quesitos.&nbsp;<\/p>\n\n\n\n<p>Essa diferen\u00e7a pode parecer sutil, mas foi interpretada pelos autores como uma pe\u00e7a-chave para entender os contrastes em sa\u00fade mental e atividade cerebral entre os grupos. A hip\u00f3tese \u00e9 que por estarem constantemente em deslocamento, lidando com metas agressivas, negocia\u00e7\u00f5es e press\u00e3o social, os vendedores tenham menos tempo e oportunidade de se cuidar, o que os torna mais vulner\u00e1veis ao estresse cr\u00f4nico e a seus efeitos colaterais. Em contrapartida, os profissionais de P&amp;D, geralmente inseridos em rotinas mais regulares e com menor exposi\u00e7\u00e3o social direta, conseguem manter pr\u00e1ticas de autocuidado com mais consist\u00eancia.&nbsp;<\/p>\n\n\n\n<h2 class=\"wp-block-heading\"><strong>C\u00e9rebro, comportamento e hostilidade<\/strong>&nbsp;<\/h2>\n\n\n\n<p>Uma das correla\u00e7\u00f5es mais interessantes encontradas pelos pesquisadores foi entre os n\u00edveis de hostilidade relatados no SCL-90 e a atividade cerebral medida durante a tarefa de flu\u00eancia verbal. Quanto menor a ativa\u00e7\u00e3o no c\u00f3rtex pr\u00e9-frontal e nas \u00e1reas de Broca, maior era o n\u00edvel de hostilidade declarado. Essa associa\u00e7\u00e3o refor\u00e7a evid\u00eancias anteriores da literatura cient\u00edfica que mostram que problemas emocionais como agressividade e irritabilidade est\u00e3o relacionados a uma menor regula\u00e7\u00e3o cortical nessas regi\u00f5es cerebrais.&nbsp;<\/p>\n\n\n\n<h2 class=\"wp-block-heading\"><strong>Sa\u00fade mental n\u00e3o \u00e9 igual para todos<\/strong>&nbsp;&nbsp;<\/h2>\n\n\n\n<p>Os elementos encontrados no estudo trazem implica\u00e7\u00f5es importantes para gestores e pol\u00edticas de sa\u00fade corporativa. Em um mundo cada vez mais orientado a metas e resultados, entender como diferentes fun\u00e7\u00f5es impactam o c\u00e9rebro e a sa\u00fade emocional pode ajudar a formular estrat\u00e9gias mais eficazes de apoio psicol\u00f3gico, redu\u00e7\u00e3o de estresse e promo\u00e7\u00e3o de bem-estar.&nbsp;<\/p>\n\n\n\n<p>Os autores recomendam que empresas adotem uma abordagem mais personalizada na gest\u00e3o de pessoas, considerando os perfis de estresse e autocuidado associados a cada cargo. Programas de promo\u00e7\u00e3o da sa\u00fade mental, como pausas ativas, oficinas de regula\u00e7\u00e3o emocional, incentivo ao autocuidado e avalia\u00e7\u00f5es peri\u00f3dicas, poderiam mitigar os efeitos delet\u00e9rios do estresse, especialmente entre profissionais de vendas.&nbsp;<\/p>\n\n\n\n<p>O estudo mostra que as diferen\u00e7as na sa\u00fade mental entre profissionais de vendas e de P&amp;D n\u00e3o s\u00e3o apenas percebidas nos relatos dos pr\u00f3prios trabalhadores, mas tamb\u00e9m est\u00e3o registradas em seus c\u00e9rebros. A forma como lidam com o estresse, o quanto conseguem se cuidar no dia a dia e o tipo de press\u00e3o que enfrentam s\u00e3o fatores que, juntos, moldam o estado emocional e cognitivo de cada grupo.&nbsp;<\/p>\n\n\n\n<p>A mensagem \u00e9 clara: promover a sa\u00fade mental no trabalho exige mais do que campanhas gen\u00e9ricas. \u00c9 preciso entender as especificidades de cada fun\u00e7\u00e3o, respeitar as diferen\u00e7as nos desafios enfrentados e oferecer suporte adequado para que todos possam se desenvolver com equil\u00edbrio, promovendo uma mente s\u00e3, um c\u00e9rebro ativo e um alto desempenho.&nbsp;&nbsp;<\/p>\n","protected":false},"excerpt":{"rendered":"<p>O tipo de trabalho exercido por uma pessoa pode ter impactos distintos sobre o sua sa\u00fade mental e, tamb\u00e9m, seu c\u00e9rebro.\u00a0<\/p>\n","protected":false},"author":7,"featured_media":4311,"comment_status":"open","ping_status":"open","sticky":false,"template":"","format":"standard","meta":{"inline_featured_image":false,"footnotes":""},"categories":[1],"tags":[24,97],"_links":{"self":[{"href":"https:\/\/bittarneurociencia.com.br\/es\/wp-json\/wp\/v2\/posts\/4310"}],"collection":[{"href":"https:\/\/bittarneurociencia.com.br\/es\/wp-json\/wp\/v2\/posts"}],"about":[{"href":"https:\/\/bittarneurociencia.com.br\/es\/wp-json\/wp\/v2\/types\/post"}],"author":[{"embeddable":true,"href":"https:\/\/bittarneurociencia.com.br\/es\/wp-json\/wp\/v2\/users\/7"}],"replies":[{"embeddable":true,"href":"https:\/\/bittarneurociencia.com.br\/es\/wp-json\/wp\/v2\/comments?post=4310"}],"version-history":[{"count":3,"href":"https:\/\/bittarneurociencia.com.br\/es\/wp-json\/wp\/v2\/posts\/4310\/revisions"}],"predecessor-version":[{"id":4320,"href":"https:\/\/bittarneurociencia.com.br\/es\/wp-json\/wp\/v2\/posts\/4310\/revisions\/4320"}],"wp:featuredmedia":[{"embeddable":true,"href":"https:\/\/bittarneurociencia.com.br\/es\/wp-json\/wp\/v2\/media\/4311"}],"wp:attachment":[{"href":"https:\/\/bittarneurociencia.com.br\/es\/wp-json\/wp\/v2\/media?parent=4310"}],"wp:term":[{"taxonomy":"category","embeddable":true,"href":"https:\/\/bittarneurociencia.com.br\/es\/wp-json\/wp\/v2\/categories?post=4310"},{"taxonomy":"post_tag","embeddable":true,"href":"https:\/\/bittarneurociencia.com.br\/es\/wp-json\/wp\/v2\/tags?post=4310"}],"curies":[{"name":"wp","href":"https:\/\/api.w.org\/{rel}","templated":true}]}}